{"id":345,"date":"2024-06-22T21:22:25","date_gmt":"2024-06-22T19:22:25","guid":{"rendered":"https:\/\/zsm1.bydgoszcz.pl\/strony\/tme\/?p=345"},"modified":"2024-06-22T21:22:25","modified_gmt":"2024-06-22T19:22:25","slug":"nadzwyczajne-walne-zgromadzenia-stowarzyszenia","status":"publish","type":"post","link":"https:\/\/zsm1.bydgoszcz.pl\/strony\/tme\/nadzwyczajne-walne-zgromadzenia-stowarzyszenia\/","title":{"rendered":"Nadzwyczajne Walne Zgromadzenia Stowarzyszenia"},"content":{"rendered":"\n<p>W dniu 20 czerwca 2024 roku Nadzwyczajne Walne Zgromadzenia Stowarzyszenia wybra\u0142o nowy Zarz\u0105d i Komisj\u0119 Rewizyjn\u0105.<\/p>\n\n\n\n<p><strong>Zarz\u0105d wybrano w sk\u0142adzie:<\/strong><br>Prezes Zarz\u0105du &#8211;\u00a0Janusz Nowastowski<br>Wiceprezes Zarz\u0105du &#8211;\u00a0Marek Jeleniewski<br>Sekretarz Zarz\u0105du &#8211;\u00a0Andrzej D\u0105browski<br>Skarbnik &#8211;\u00a0Tomasz Warda<br>Zast\u0119pca Skarbnika &#8211;\u00a0Czes\u0142aw Maniewski<\/p>\n\n\n\n<p><strong>Cz\u0142onkowie Zarz\u0105du<\/strong>: Ewa Ankiewicz-Jasi\u0144ska, Tadeusz Kaczmarek, Adam Tomy\u015blak<\/p>\n\n\n\n<p><strong>Komisj\u0119 Rewizyjn\u0105 wybrano w sk\u0142adzie:<\/strong><br>Przewodnicz\u0105cy Komisji &#8211; Ryszard \u015aledzi\u0144ski<br>Cz\u0142onkowie Komisji: Grzegorz Bartoszek, Jan Kaczmarek, Miros\u0142aw Pytel<\/p>\n","protected":false},"excerpt":{"rendered":"<p>W dniu 20 czerwca 2024 roku Nadzwyczajne Walne Zgromadzenia Stowarzyszenia wybra\u0142o nowy Zarz\u0105d i Komisj\u0119 Rewizyjn\u0105. Zarz\u0105d wybrano w sk\u0142adzie:Prezes Zarz\u0105du &#8211;\u00a0Janusz NowastowskiWiceprezes Zarz\u0105du &#8211;\u00a0Marek JeleniewskiSekretarz Zarz\u0105du &#8211;\u00a0Andrzej D\u0105browskiSkarbnik &#8211;\u00a0Tomasz WardaZast\u0119pca Skarbnika &#8211;\u00a0Czes\u0142aw Maniewski Cz\u0142onkowie Zarz\u0105du: Ewa Ankiewicz-Jasi\u0144ska, Tadeusz Kaczmarek, Adam Tomy\u015blak Komisj\u0119 Rewizyjn\u0105 wybrano w sk\u0142adzie:Przewodnicz\u0105cy Komisji &#8211; Ryszard \u015aledzi\u0144skiCz\u0142onkowie Komisji: Grzegorz Bartoszek, Jan [&hellip;]<\/p>\n","protected":false},"author":1,"featured_media":0,"comment_status":"closed","ping_status":"","sticky":false,"template":"","format":"standard","meta":{"_uag_custom_page_level_css":"","site-sidebar-layout":"default","site-content-layout":"","ast-site-content-layout":"default","site-content-style":"default","site-sidebar-style":"default","ast-global-header-display":"","ast-banner-title-visibility":"","ast-main-header-display":"","ast-hfb-above-header-display":"","ast-hfb-below-header-display":"","ast-hfb-mobile-header-display":"","site-post-title":"","ast-breadcrumbs-content":"","ast-featured-img":"","footer-sml-layout":"","theme-transparent-header-meta":"","adv-header-id-meta":"","stick-header-meta":"","header-above-stick-meta":"","header-main-stick-meta":"","header-below-stick-meta":"","astra-migrate-meta-layouts":"default","ast-page-background-enabled":"default","ast-page-background-meta":{"desktop":{"background-color":"var(--ast-global-color-4)","background-image":"","background-repeat":"repeat","background-position":"center center","background-size":"auto","background-attachment":"scroll","background-type":"","background-media":"","overlay-type":"","overlay-color":"","overlay-opacity":"","overlay-gradient":""},"tablet":{"background-color":"","background-image":"","background-repeat":"repeat","background-position":"center center","background-size":"auto","background-attachment":"scroll","background-type":"","background-media":"","overlay-type":"","overlay-color":"","overlay-opacity":"","overlay-gradient":""},"mobile":{"background-color":"","background-image":"","background-repeat":"repeat","background-position":"center center","background-size":"auto","background-attachment":"scroll","background-type":"","background-media":"","overlay-type":"","overlay-color":"","overlay-opacity":"","overlay-gradient":""}},"ast-content-background-meta":{"desktop":{"background-color":"var(--ast-global-color-5)","background-image":"","background-repeat":"repeat","background-position":"center center","background-size":"auto","background-attachment":"scroll","background-type":"","background-media":"","overlay-type":"","overlay-color":"","overlay-opacity":"","overlay-gradient":""},"tablet":{"background-color":"var(--ast-global-color-5)","background-image":"","background-repeat":"repeat","background-position":"center center","background-size":"auto","background-attachment":"scroll","background-type":"","background-media":"","overlay-type":"","overlay-color":"","overlay-opacity":"","overlay-gradient":""},"mobile":{"background-color":"var(--ast-global-color-5)","background-image":"","background-repeat":"repeat","background-position":"center center","background-size":"auto","background-attachment":"scroll","background-type":"","background-media":"","overlay-type":"","overlay-color":"","overlay-opacity":"","overlay-gradient":""}},"footnotes":"","_wp_rev_ctl_limit":""},"categories":[1],"tags":[],"class_list":["post-345","post","type-post","status-publish","format-standard","hentry","category-bez-kategorii"],"uagb_featured_image_src":{"full":false,"thumbnail":false,"medium":false,"medium_large":false,"large":false,"1536x1536":false,"2048x2048":false},"uagb_author_info":{"display_name":"admin","author_link":"https:\/\/zsm1.bydgoszcz.pl\/strony\/tme\/author\/admin\/"},"uagb_comment_info":0,"uagb_excerpt":"W dniu 20 czerwca 2024 roku Nadzwyczajne Walne Zgromadzenia Stowarzyszenia wybra\u0142o nowy Zarz\u0105d i Komisj\u0119 Rewizyjn\u0105. Zarz\u0105d wybrano w sk\u0142adzie:Prezes Zarz\u0105du &#8211;\u00a0Janusz NowastowskiWiceprezes Zarz\u0105du &#8211;\u00a0Marek JeleniewskiSekretarz Zarz\u0105du &#8211;\u00a0Andrzej D\u0105browskiSkarbnik &#8211;\u00a0Tomasz WardaZast\u0119pca Skarbnika &#8211;\u00a0Czes\u0142aw Maniewski Cz\u0142onkowie Zarz\u0105du: Ewa Ankiewicz-Jasi\u0144ska, Tadeusz Kaczmarek, Adam Tomy\u015blak Komisj\u0119 Rewizyjn\u0105 wybrano w sk\u0142adzie:Przewodnicz\u0105cy Komisji &#8211; Ryszard \u015aledzi\u0144skiCz\u0142onkowie Komisji: Grzegorz Bartoszek, Jan&hellip;","_links":{"self":[{"href":"https:\/\/zsm1.bydgoszcz.pl\/strony\/tme\/wp-json\/wp\/v2\/posts\/345","targetHints":{"allow":["GET"]}}],"collection":[{"href":"https:\/\/zsm1.bydgoszcz.pl\/strony\/tme\/wp-json\/wp\/v2\/posts"}],"about":[{"href":"https:\/\/zsm1.bydgoszcz.pl\/strony\/tme\/wp-json\/wp\/v2\/types\/post"}],"author":[{"embeddable":true,"href":"https:\/\/zsm1.bydgoszcz.pl\/strony\/tme\/wp-json\/wp\/v2\/users\/1"}],"replies":[{"embeddable":true,"href":"https:\/\/zsm1.bydgoszcz.pl\/strony\/tme\/wp-json\/wp\/v2\/comments?post=345"}],"version-history":[{"count":1,"href":"https:\/\/zsm1.bydgoszcz.pl\/strony\/tme\/wp-json\/wp\/v2\/posts\/345\/revisions"}],"predecessor-version":[{"id":346,"href":"https:\/\/zsm1.bydgoszcz.pl\/strony\/tme\/wp-json\/wp\/v2\/posts\/345\/revisions\/346"}],"wp:attachment":[{"href":"https:\/\/zsm1.bydgoszcz.pl\/strony\/tme\/wp-json\/wp\/v2\/media?parent=345"}],"wp:term":[{"taxonomy":"category","embeddable":true,"href":"https:\/\/zsm1.bydgoszcz.pl\/strony\/tme\/wp-json\/wp\/v2\/categories?post=345"},{"taxonomy":"post_tag","embeddable":true,"href":"https:\/\/zsm1.bydgoszcz.pl\/strony\/tme\/wp-json\/wp\/v2\/tags?post=345"}],"curies":[{"name":"wp","href":"https:\/\/api.w.org\/{rel}","templated":true}]}}