{"id":1299,"date":"2026-04-10T09:48:18","date_gmt":"2026-04-10T07:48:18","guid":{"rendered":"https:\/\/zsm1.bydgoszcz.pl\/strony\/tme\/?p=1299"},"modified":"2026-04-10T09:48:18","modified_gmt":"2026-04-10T07:48:18","slug":"spotkanie-nad-kanalem","status":"publish","type":"post","link":"https:\/\/zsm1.bydgoszcz.pl\/strony\/tme\/spotkanie-nad-kanalem\/","title":{"rendered":"SPOTKANIE &#8222;NAD KANA\u0141EM&#8221;"},"content":{"rendered":"\n<p>W dniu 8 kwietnia 2026 roku w Auli Szko\u0142y odby\u0142o si\u0119 zorganizowane przez nasze Stowarzyszenie spotkanie z tw\u00f3rcami koncepcji odbudowy najbli\u017cszego centrum miasta fragmentu Kana\u0142u Bydgoskiego.<br>Zaproszenie przyj\u0119\u0142o wielu Bydgoszczan i kilkunastu absolwent\u00f3w naszej Szko\u0142y.<br>Po\u0142o\u017cenie Szko\u0142y zosta\u0142o upami\u0119tnione na wielu fotografiach, a wizerunek gmachu nad kana\u0142em pozostaje w pami\u0119ci starszych Bydgoszczan.<\/p>\n\n\n\n<p>Spotkanie rozpocz\u0119\u0142o si\u0119 od przypomnienia historii powstania i u\u017cytkowania kana\u0142u \u2013 prelegentem by\u0142 <strong>Tomasz Izajasz<\/strong>&nbsp;\u2013 Kustosz Muzeum Kana\u0142u Bydgoskiego.<br>W drugiej cz\u0119\u015bci ide\u0119 przywr\u00f3cenia kana\u0142u z wizualizacj\u0105 koncepcji architektonicznej<br>przedstawi\u0142 <strong>Karol Mieczkin&nbsp;<\/strong>\u2013 cz\u0142onek zespo\u0142u uzgadniaj\u0105cego kszta\u0142t koncepcji architektonicznej.<br>Nast\u0119pnie rozgorza\u0142a ciekawa dyskusja, w kt\u00f3rej wi\u0119kszo\u015b\u0107 popar\u0142a t\u0119 ide\u0119.<\/p>\n\n\n\n<p>Link do filmu obrazuj\u0105cego mo\u017cliwy wariant tej odbudowy&nbsp; <a href=\"https:\/\/youtu.be\/sEzCy_DOY4U\" target=\"_blank\" rel=\"noreferrer noopener\">https:\/\/youtu.be\/sEzCy_DOY4U<\/a><\/p>\n\n\n\n<p>Pozdrawiamy,&nbsp;<br>Janusz Nowastowski, Andrzej D\u0105browski Matura 1972<\/p>\n\n\n\n<p><\/p>\n\n\n\n<div class=\"wp-block-uagb-container uagb-block-e27b1b8e alignfull uagb-is-root-container\"><div class=\"uagb-container-inner-blocks-wrap\">\n<div class=\"wp-block-uagb-container uagb-block-39b39b64\">\n<figure class=\"wp-block-image size-large\"><img loading=\"lazy\" decoding=\"async\" width=\"768\" height=\"1024\" src=\"https:\/\/zsm1.bydgoszcz.pl\/strony\/tme\/wp-content\/uploads\/2026\/04\/kanal6x-768x1024.jpg\" alt=\"\" class=\"wp-image-1298\" srcset=\"https:\/\/zsm1.bydgoszcz.pl\/strony\/tme\/wp-content\/uploads\/2026\/04\/kanal6x-768x1024.jpg 768w, https:\/\/zsm1.bydgoszcz.pl\/strony\/tme\/wp-content\/uploads\/2026\/04\/kanal6x-225x300.jpg 225w, https:\/\/zsm1.bydgoszcz.pl\/strony\/tme\/wp-content\/uploads\/2026\/04\/kanal6x-1152x1536.jpg 1152w, https:\/\/zsm1.bydgoszcz.pl\/strony\/tme\/wp-content\/uploads\/2026\/04\/kanal6x.jpg 1500w\" sizes=\"auto, (max-width: 768px) 100vw, 768px\" \/><\/figure>\n<\/div>\n\n\n\n<div class=\"wp-block-uagb-container uagb-block-b433761e\">\n<figure class=\"wp-block-image size-large\"><img loading=\"lazy\" decoding=\"async\" width=\"768\" height=\"1024\" src=\"https:\/\/zsm1.bydgoszcz.pl\/strony\/tme\/wp-content\/uploads\/2026\/04\/kanal1x-768x1024.jpg\" alt=\"\" class=\"wp-image-1295\" srcset=\"https:\/\/zsm1.bydgoszcz.pl\/strony\/tme\/wp-content\/uploads\/2026\/04\/kanal1x-768x1024.jpg 768w, https:\/\/zsm1.bydgoszcz.pl\/strony\/tme\/wp-content\/uploads\/2026\/04\/kanal1x-225x300.jpg 225w, https:\/\/zsm1.bydgoszcz.pl\/strony\/tme\/wp-content\/uploads\/2026\/04\/kanal1x-1152x1536.jpg 1152w, https:\/\/zsm1.bydgoszcz.pl\/strony\/tme\/wp-content\/uploads\/2026\/04\/kanal1x.jpg 1500w\" sizes=\"auto, (max-width: 768px) 100vw, 768px\" \/><\/figure>\n<\/div>\n<\/div><\/div>\n\n\n\n<p><\/p>\n\n\n\n<div class=\"wp-block-uagb-container uagb-block-5058e91a alignfull uagb-is-root-container\"><div class=\"uagb-container-inner-blocks-wrap\">\n<div class=\"wp-block-uagb-container uagb-block-aca547c0\">\n<figure class=\"wp-block-image size-large\"><img loading=\"lazy\" decoding=\"async\" width=\"768\" height=\"1024\" src=\"https:\/\/zsm1.bydgoszcz.pl\/strony\/tme\/wp-content\/uploads\/2026\/04\/kanal2x-768x1024.jpg\" alt=\"\" class=\"wp-image-1296\" srcset=\"https:\/\/zsm1.bydgoszcz.pl\/strony\/tme\/wp-content\/uploads\/2026\/04\/kanal2x-768x1024.jpg 768w, https:\/\/zsm1.bydgoszcz.pl\/strony\/tme\/wp-content\/uploads\/2026\/04\/kanal2x-225x300.jpg 225w, https:\/\/zsm1.bydgoszcz.pl\/strony\/tme\/wp-content\/uploads\/2026\/04\/kanal2x-1152x1536.jpg 1152w, https:\/\/zsm1.bydgoszcz.pl\/strony\/tme\/wp-content\/uploads\/2026\/04\/kanal2x.jpg 1500w\" sizes=\"auto, (max-width: 768px) 100vw, 768px\" \/><\/figure>\n<\/div>\n\n\n\n<div class=\"wp-block-uagb-container uagb-block-7f0d3963\">\n<figure class=\"wp-block-image size-large\"><img loading=\"lazy\" decoding=\"async\" width=\"768\" height=\"1024\" src=\"https:\/\/zsm1.bydgoszcz.pl\/strony\/tme\/wp-content\/uploads\/2026\/04\/kanal5x-768x1024.jpg\" alt=\"\" class=\"wp-image-1297\" srcset=\"https:\/\/zsm1.bydgoszcz.pl\/strony\/tme\/wp-content\/uploads\/2026\/04\/kanal5x-768x1024.jpg 768w, https:\/\/zsm1.bydgoszcz.pl\/strony\/tme\/wp-content\/uploads\/2026\/04\/kanal5x-225x300.jpg 225w, https:\/\/zsm1.bydgoszcz.pl\/strony\/tme\/wp-content\/uploads\/2026\/04\/kanal5x-1152x1536.jpg 1152w, https:\/\/zsm1.bydgoszcz.pl\/strony\/tme\/wp-content\/uploads\/2026\/04\/kanal5x.jpg 1500w\" sizes=\"auto, (max-width: 768px) 100vw, 768px\" \/><\/figure>\n<\/div>\n<\/div><\/div>\n","protected":false},"excerpt":{"rendered":"<p>W dniu 8 kwietnia 2026 roku w Auli Szko\u0142y odby\u0142o si\u0119 zorganizowane przez nasze Stowarzyszenie spotkanie z tw\u00f3rcami koncepcji odbudowy najbli\u017cszego centrum miasta fragmentu Kana\u0142u Bydgoskiego.Zaproszenie przyj\u0119\u0142o wielu Bydgoszczan i kilkunastu absolwent\u00f3w naszej Szko\u0142y.Po\u0142o\u017cenie Szko\u0142y zosta\u0142o upami\u0119tnione na wielu fotografiach, a wizerunek gmachu nad kana\u0142em pozostaje w pami\u0119ci starszych Bydgoszczan. Spotkanie rozpocz\u0119\u0142o si\u0119 od przypomnienia [&hellip;]<\/p>\n","protected":false},"author":3,"featured_media":0,"comment_status":"closed","ping_status":"","sticky":false,"template":"","format":"standard","meta":{"_uag_custom_page_level_css":"","site-sidebar-layout":"default","site-content-layout":"","ast-site-content-layout":"default","site-content-style":"default","site-sidebar-style":"default","ast-global-header-display":"","ast-banner-title-visibility":"","ast-main-header-display":"","ast-hfb-above-header-display":"","ast-hfb-below-header-display":"","ast-hfb-mobile-header-display":"","site-post-title":"","ast-breadcrumbs-content":"","ast-featured-img":"","footer-sml-layout":"","theme-transparent-header-meta":"","adv-header-id-meta":"","stick-header-meta":"","header-above-stick-meta":"","header-main-stick-meta":"","header-below-stick-meta":"","astra-migrate-meta-layouts":"default","ast-page-background-enabled":"default","ast-page-background-meta":{"desktop":{"background-color":"var(--ast-global-color-4)","background-image":"","background-repeat":"repeat","background-position":"center center","background-size":"auto","background-attachment":"scroll","background-type":"","background-media":"","overlay-type":"","overlay-color":"","overlay-opacity":"","overlay-gradient":""},"tablet":{"background-color":"","background-image":"","background-repeat":"repeat","background-position":"center center","background-size":"auto","background-attachment":"scroll","background-type":"","background-media":"","overlay-type":"","overlay-color":"","overlay-opacity":"","overlay-gradient":""},"mobile":{"background-color":"","background-image":"","background-repeat":"repeat","background-position":"center center","background-size":"auto","background-attachment":"scroll","background-type":"","background-media":"","overlay-type":"","overlay-color":"","overlay-opacity":"","overlay-gradient":""}},"ast-content-background-meta":{"desktop":{"background-color":"var(--ast-global-color-5)","background-image":"","background-repeat":"repeat","background-position":"center center","background-size":"auto","background-attachment":"scroll","background-type":"","background-media":"","overlay-type":"","overlay-color":"","overlay-opacity":"","overlay-gradient":""},"tablet":{"background-color":"var(--ast-global-color-5)","background-image":"","background-repeat":"repeat","background-position":"center center","background-size":"auto","background-attachment":"scroll","background-type":"","background-media":"","overlay-type":"","overlay-color":"","overlay-opacity":"","overlay-gradient":""},"mobile":{"background-color":"var(--ast-global-color-5)","background-image":"","background-repeat":"repeat","background-position":"center center","background-size":"auto","background-attachment":"scroll","background-type":"","background-media":"","overlay-type":"","overlay-color":"","overlay-opacity":"","overlay-gradient":""}},"footnotes":"","_wp_rev_ctl_limit":""},"categories":[1],"tags":[],"class_list":["post-1299","post","type-post","status-publish","format-standard","hentry","category-bez-kategorii"],"uagb_featured_image_src":{"full":false,"thumbnail":false,"medium":false,"medium_large":false,"large":false,"1536x1536":false,"2048x2048":false},"uagb_author_info":{"display_name":"Redaktor TME","author_link":"https:\/\/zsm1.bydgoszcz.pl\/strony\/tme\/author\/redaktor\/"},"uagb_comment_info":0,"uagb_excerpt":"W dniu 8 kwietnia 2026 roku w Auli Szko\u0142y odby\u0142o si\u0119 zorganizowane przez nasze Stowarzyszenie spotkanie z tw\u00f3rcami koncepcji odbudowy najbli\u017cszego centrum miasta fragmentu Kana\u0142u Bydgoskiego.Zaproszenie przyj\u0119\u0142o wielu Bydgoszczan i kilkunastu absolwent\u00f3w naszej Szko\u0142y.Po\u0142o\u017cenie Szko\u0142y zosta\u0142o upami\u0119tnione na wielu fotografiach, a wizerunek gmachu nad kana\u0142em pozostaje w pami\u0119ci starszych Bydgoszczan. Spotkanie rozpocz\u0119\u0142o si\u0119 od przypomnienia&hellip;","_links":{"self":[{"href":"https:\/\/zsm1.bydgoszcz.pl\/strony\/tme\/wp-json\/wp\/v2\/posts\/1299","targetHints":{"allow":["GET"]}}],"collection":[{"href":"https:\/\/zsm1.bydgoszcz.pl\/strony\/tme\/wp-json\/wp\/v2\/posts"}],"about":[{"href":"https:\/\/zsm1.bydgoszcz.pl\/strony\/tme\/wp-json\/wp\/v2\/types\/post"}],"author":[{"embeddable":true,"href":"https:\/\/zsm1.bydgoszcz.pl\/strony\/tme\/wp-json\/wp\/v2\/users\/3"}],"replies":[{"embeddable":true,"href":"https:\/\/zsm1.bydgoszcz.pl\/strony\/tme\/wp-json\/wp\/v2\/comments?post=1299"}],"version-history":[{"count":1,"href":"https:\/\/zsm1.bydgoszcz.pl\/strony\/tme\/wp-json\/wp\/v2\/posts\/1299\/revisions"}],"predecessor-version":[{"id":1300,"href":"https:\/\/zsm1.bydgoszcz.pl\/strony\/tme\/wp-json\/wp\/v2\/posts\/1299\/revisions\/1300"}],"wp:attachment":[{"href":"https:\/\/zsm1.bydgoszcz.pl\/strony\/tme\/wp-json\/wp\/v2\/media?parent=1299"}],"wp:term":[{"taxonomy":"category","embeddable":true,"href":"https:\/\/zsm1.bydgoszcz.pl\/strony\/tme\/wp-json\/wp\/v2\/categories?post=1299"},{"taxonomy":"post_tag","embeddable":true,"href":"https:\/\/zsm1.bydgoszcz.pl\/strony\/tme\/wp-json\/wp\/v2\/tags?post=1299"}],"curies":[{"name":"wp","href":"https:\/\/api.w.org\/{rel}","templated":true}]}}