{"id":1288,"date":"2026-04-02T16:32:30","date_gmt":"2026-04-02T14:32:30","guid":{"rendered":"https:\/\/zsm1.bydgoszcz.pl\/strony\/tme\/?p=1288"},"modified":"2026-04-02T16:32:30","modified_gmt":"2026-04-02T14:32:30","slug":"wesolych-swiat","status":"publish","type":"post","link":"https:\/\/zsm1.bydgoszcz.pl\/strony\/tme\/wesolych-swiat\/","title":{"rendered":"WESO\u0141YCH \u015aWI\u0104T"},"content":{"rendered":"\n<p><strong>\u017byczymy, aby czas wielkanocny by\u0142 chwil\u0105 zatrzymania si\u0119 w\u015br\u00f3d codziennego p\u0119du. Niech zmartwychwstanie Chrystusa niesie nadziej\u0119, kt\u00f3ra nie ga\u015bnie, niech da si\u0142\u0119 do budowania zgody oraz do podejmowania m\u0105drych decyzji i kolejnych \u017cyciowych wyzwa\u0144.<\/strong><br><img loading=\"lazy\" decoding=\"async\" width=\"150\" height=\"46\" class=\"wp-image-1287\" style=\"width: 150px;\" src=\"https:\/\/zsm1.bydgoszcz.pl\/strony\/tme\/wp-content\/uploads\/2026\/04\/clip_image0028.jpg\" alt=\"\" srcset=\"https:\/\/zsm1.bydgoszcz.pl\/strony\/tme\/wp-content\/uploads\/2026\/04\/clip_image0028.jpg 326w, https:\/\/zsm1.bydgoszcz.pl\/strony\/tme\/wp-content\/uploads\/2026\/04\/clip_image0028-300x92.jpg 300w\" sizes=\"auto, (max-width: 150px) 100vw, 150px\" \/><br>\u017byczymy Wam \u015bwi\u0105t bez zagl\u0105dania do kom\u00f3rki i ogl\u0105dania TV, za to z zagl\u0105daniem do lod\u00f3wki!<\/p>\n\n\n\n<p>Spokojnych, rodzinnych \u015awi\u0105t Wielkiej Nocy \u017cyczy<\/p>\n\n\n\n<p><strong>Zarz\u0105d Stowarzyszenia<\/strong><\/p>\n\n\n\n<p><\/p>\n","protected":false},"excerpt":{"rendered":"<p>\u017byczymy, aby czas wielkanocny by\u0142 chwil\u0105 zatrzymania si\u0119 w\u015br\u00f3d codziennego p\u0119du. Niech zmartwychwstanie Chrystusa niesie nadziej\u0119, kt\u00f3ra nie ga\u015bnie, niech da si\u0142\u0119 do budowania zgody oraz do podejmowania m\u0105drych decyzji i kolejnych \u017cyciowych wyzwa\u0144.\u017byczymy Wam \u015bwi\u0105t bez zagl\u0105dania do kom\u00f3rki i ogl\u0105dania TV, za to z zagl\u0105daniem do lod\u00f3wki! Spokojnych, rodzinnych \u015awi\u0105t Wielkiej Nocy \u017cyczy [&hellip;]<\/p>\n","protected":false},"author":3,"featured_media":0,"comment_status":"closed","ping_status":"","sticky":false,"template":"","format":"standard","meta":{"_uag_custom_page_level_css":"","site-sidebar-layout":"default","site-content-layout":"","ast-site-content-layout":"default","site-content-style":"default","site-sidebar-style":"default","ast-global-header-display":"","ast-banner-title-visibility":"","ast-main-header-display":"","ast-hfb-above-header-display":"","ast-hfb-below-header-display":"","ast-hfb-mobile-header-display":"","site-post-title":"","ast-breadcrumbs-content":"","ast-featured-img":"","footer-sml-layout":"","theme-transparent-header-meta":"","adv-header-id-meta":"","stick-header-meta":"","header-above-stick-meta":"","header-main-stick-meta":"","header-below-stick-meta":"","astra-migrate-meta-layouts":"default","ast-page-background-enabled":"default","ast-page-background-meta":{"desktop":{"background-color":"var(--ast-global-color-4)","background-image":"","background-repeat":"repeat","background-position":"center center","background-size":"auto","background-attachment":"scroll","background-type":"","background-media":"","overlay-type":"","overlay-color":"","overlay-opacity":"","overlay-gradient":""},"tablet":{"background-color":"","background-image":"","background-repeat":"repeat","background-position":"center center","background-size":"auto","background-attachment":"scroll","background-type":"","background-media":"","overlay-type":"","overlay-color":"","overlay-opacity":"","overlay-gradient":""},"mobile":{"background-color":"","background-image":"","background-repeat":"repeat","background-position":"center center","background-size":"auto","background-attachment":"scroll","background-type":"","background-media":"","overlay-type":"","overlay-color":"","overlay-opacity":"","overlay-gradient":""}},"ast-content-background-meta":{"desktop":{"background-color":"var(--ast-global-color-5)","background-image":"","background-repeat":"repeat","background-position":"center center","background-size":"auto","background-attachment":"scroll","background-type":"","background-media":"","overlay-type":"","overlay-color":"","overlay-opacity":"","overlay-gradient":""},"tablet":{"background-color":"var(--ast-global-color-5)","background-image":"","background-repeat":"repeat","background-position":"center center","background-size":"auto","background-attachment":"scroll","background-type":"","background-media":"","overlay-type":"","overlay-color":"","overlay-opacity":"","overlay-gradient":""},"mobile":{"background-color":"var(--ast-global-color-5)","background-image":"","background-repeat":"repeat","background-position":"center center","background-size":"auto","background-attachment":"scroll","background-type":"","background-media":"","overlay-type":"","overlay-color":"","overlay-opacity":"","overlay-gradient":""}},"footnotes":"","_wp_rev_ctl_limit":""},"categories":[1],"tags":[],"class_list":["post-1288","post","type-post","status-publish","format-standard","hentry","category-bez-kategorii"],"uagb_featured_image_src":{"full":false,"thumbnail":false,"medium":false,"medium_large":false,"large":false,"1536x1536":false,"2048x2048":false},"uagb_author_info":{"display_name":"Redaktor TME","author_link":"https:\/\/zsm1.bydgoszcz.pl\/strony\/tme\/author\/redaktor\/"},"uagb_comment_info":0,"uagb_excerpt":"\u017byczymy, aby czas wielkanocny by\u0142 chwil\u0105 zatrzymania si\u0119 w\u015br\u00f3d codziennego p\u0119du. Niech zmartwychwstanie Chrystusa niesie nadziej\u0119, kt\u00f3ra nie ga\u015bnie, niech da si\u0142\u0119 do budowania zgody oraz do podejmowania m\u0105drych decyzji i kolejnych \u017cyciowych wyzwa\u0144.\u017byczymy Wam \u015bwi\u0105t bez zagl\u0105dania do kom\u00f3rki i ogl\u0105dania TV, za to z zagl\u0105daniem do lod\u00f3wki! Spokojnych, rodzinnych \u015awi\u0105t Wielkiej Nocy \u017cyczy&hellip;","_links":{"self":[{"href":"https:\/\/zsm1.bydgoszcz.pl\/strony\/tme\/wp-json\/wp\/v2\/posts\/1288","targetHints":{"allow":["GET"]}}],"collection":[{"href":"https:\/\/zsm1.bydgoszcz.pl\/strony\/tme\/wp-json\/wp\/v2\/posts"}],"about":[{"href":"https:\/\/zsm1.bydgoszcz.pl\/strony\/tme\/wp-json\/wp\/v2\/types\/post"}],"author":[{"embeddable":true,"href":"https:\/\/zsm1.bydgoszcz.pl\/strony\/tme\/wp-json\/wp\/v2\/users\/3"}],"replies":[{"embeddable":true,"href":"https:\/\/zsm1.bydgoszcz.pl\/strony\/tme\/wp-json\/wp\/v2\/comments?post=1288"}],"version-history":[{"count":1,"href":"https:\/\/zsm1.bydgoszcz.pl\/strony\/tme\/wp-json\/wp\/v2\/posts\/1288\/revisions"}],"predecessor-version":[{"id":1289,"href":"https:\/\/zsm1.bydgoszcz.pl\/strony\/tme\/wp-json\/wp\/v2\/posts\/1288\/revisions\/1289"}],"wp:attachment":[{"href":"https:\/\/zsm1.bydgoszcz.pl\/strony\/tme\/wp-json\/wp\/v2\/media?parent=1288"}],"wp:term":[{"taxonomy":"category","embeddable":true,"href":"https:\/\/zsm1.bydgoszcz.pl\/strony\/tme\/wp-json\/wp\/v2\/categories?post=1288"},{"taxonomy":"post_tag","embeddable":true,"href":"https:\/\/zsm1.bydgoszcz.pl\/strony\/tme\/wp-json\/wp\/v2\/tags?post=1288"}],"curies":[{"name":"wp","href":"https:\/\/api.w.org\/{rel}","templated":true}]}}