{"id":1279,"date":"2026-03-18T14:28:03","date_gmt":"2026-03-18T13:28:03","guid":{"rendered":"https:\/\/zsm1.bydgoszcz.pl\/strony\/tme\/?p=1279"},"modified":"2026-03-18T14:28:03","modified_gmt":"2026-03-18T13:28:03","slug":"zaproszenie-nad-kanal","status":"publish","type":"post","link":"https:\/\/zsm1.bydgoszcz.pl\/strony\/tme\/zaproszenie-nad-kanal\/","title":{"rendered":"ZAPROSZENIE &#8222;NAD KANA\u0141&#8221;"},"content":{"rendered":"\n<p>We wspomnieniach starszych absolwent\u00f3w nasza szko\u0142a nieodmiennie \u0142\u0105czy si\u0119 z starym kana\u0142em bydgoskim. <br>Po\u0142o\u017cenie SZKO\u0141Y zosta\u0142o upami\u0119tnione na wielu fotografiach, a wizerunek gmachu SZKO\u0141Y nad kana\u0142em pozostaje w pami\u0119ci naszych koleg\u00f3w.<br>Maj\u0105c to na uwadze <strong>Stowarzyszenie Absolwent\u00f3w i Sympatyk\u00f3w TME i ZSM<\/strong>, w porozumieniu z grup\u0105 os\u00f3b <br>z Komitetu Poparcia Przywr\u00f3cenia Starego Kana\u0142u Bydgoskiego <strong>zaprasza do naszej szko\u0142y na spotkanie.<\/strong><\/p>\n\n\n\n<p><strong>TERMIN 08.04.2026 (\u015broda) od godz. 16:30. &nbsp;&nbsp;&nbsp;&nbsp;        &nbsp;&nbsp;MIEJSCE: <\/strong>budynek szko\u0142y <strong>ul. \u015aw. Tr\u00f3jcy 37 \u2013 aula II pi\u0119tro<\/strong><\/p>\n\n\n\n<p>Program spotkania:<br>1. Przypomnienie historii powstania i u\u017cytkowania kana\u0142u (<strong>Tomasz Izajasz<\/strong> &#8211; Kustosz Muzeum Kana\u0142u Bydgoskiego).<br>2. Pytania do pierwszej cz\u0119\u015bci oraz wymiana wspomnie\u0144.<br>3. Przedstawienie idei przywr\u00f3cenia kana\u0142u z wizualizacj\u0105 koncepcji architektonicznej <br>(<strong>Karol Mieczkin <\/strong>&#8211; cz\u0142onek BRM oraz zespo\u0142u uzgadniaj\u0105cego kszta\u0142t koncepcji architektonicznej).<br>4. Pytania do drugiej cz\u0119\u015bci oraz dyskusja w sprawie przywr\u00f3cenia kana\u0142u.<\/p>\n\n\n\n<p>Pozdrawiam,\u00a0 Andrzej D\u0105browski Matura 1972<\/p>\n\n\n\n<div class=\"wp-block-uagb-container uagb-block-82162e28 alignfull uagb-is-root-container\"><div class=\"uagb-container-inner-blocks-wrap\">\n<div class=\"wp-block-uagb-container uagb-block-f3bdc41a\">\n<div class=\"wp-block-uagb-container uagb-block-6bb36176\">\n<div class=\"wp-block-uagb-image uagb-block-729d0060 wp-block-uagb-image--layout-default wp-block-uagb-image--effect-static wp-block-uagb-image--align-none\"><figure class=\"wp-block-uagb-image__figure\"><img decoding=\"async\" srcset=\"https:\/\/zsm1.bydgoszcz.pl\/strony\/tme\/wp-content\/uploads\/2026\/03\/a-1024x690.jpg ,https:\/\/zsm1.bydgoszcz.pl\/strony\/tme\/wp-content\/uploads\/2026\/03\/a.jpg 780w, https:\/\/zsm1.bydgoszcz.pl\/strony\/tme\/wp-content\/uploads\/2026\/03\/a.jpg 360w\" sizes=\"auto, (max-width: 480px) 150px\" src=\"https:\/\/zsm1.bydgoszcz.pl\/strony\/tme\/wp-content\/uploads\/2026\/03\/a-1024x690.jpg\" alt=\"\" class=\"uag-image-1282\" width=\"1024\" height=\"690\" title=\"a\" loading=\"lazy\" role=\"img\"\/><\/figure><\/div>\n<\/div>\n<\/div>\n\n\n\n<div class=\"wp-block-uagb-container uagb-block-8e37ba32\">\n<div class=\"wp-block-uagb-image uagb-block-e56b455c wp-block-uagb-image--layout-default wp-block-uagb-image--effect-static wp-block-uagb-image--align-none\"><figure class=\"wp-block-uagb-image__figure\"><img decoding=\"async\" srcset=\"https:\/\/zsm1.bydgoszcz.pl\/strony\/tme\/wp-content\/uploads\/2026\/03\/21-1024x770.jpg ,https:\/\/zsm1.bydgoszcz.pl\/strony\/tme\/wp-content\/uploads\/2026\/03\/21.jpg 780w, https:\/\/zsm1.bydgoszcz.pl\/strony\/tme\/wp-content\/uploads\/2026\/03\/21.jpg 360w\" sizes=\"auto, (max-width: 480px) 150px\" src=\"https:\/\/zsm1.bydgoszcz.pl\/strony\/tme\/wp-content\/uploads\/2026\/03\/21-1024x770.jpg\" alt=\"\" class=\"uag-image-1281\" width=\"1024\" height=\"770\" title=\"21\" loading=\"lazy\" role=\"img\"\/><\/figure><\/div>\n<\/div>\n<\/div><\/div>\n\n\n\n<p><\/p>\n","protected":false},"excerpt":{"rendered":"<p>We wspomnieniach starszych absolwent\u00f3w nasza szko\u0142a nieodmiennie \u0142\u0105czy si\u0119 z starym kana\u0142em bydgoskim. Po\u0142o\u017cenie SZKO\u0141Y zosta\u0142o upami\u0119tnione na wielu fotografiach, a wizerunek gmachu SZKO\u0141Y nad kana\u0142em pozostaje w pami\u0119ci naszych koleg\u00f3w.Maj\u0105c to na uwadze Stowarzyszenie Absolwent\u00f3w i Sympatyk\u00f3w TME i ZSM, w porozumieniu z grup\u0105 os\u00f3b z Komitetu Poparcia Przywr\u00f3cenia Starego Kana\u0142u Bydgoskiego zaprasza do [&hellip;]<\/p>\n","protected":false},"author":3,"featured_media":0,"comment_status":"closed","ping_status":"","sticky":false,"template":"","format":"standard","meta":{"_uag_custom_page_level_css":"","site-sidebar-layout":"default","site-content-layout":"","ast-site-content-layout":"default","site-content-style":"default","site-sidebar-style":"default","ast-global-header-display":"","ast-banner-title-visibility":"","ast-main-header-display":"","ast-hfb-above-header-display":"","ast-hfb-below-header-display":"","ast-hfb-mobile-header-display":"","site-post-title":"","ast-breadcrumbs-content":"","ast-featured-img":"","footer-sml-layout":"","theme-transparent-header-meta":"","adv-header-id-meta":"","stick-header-meta":"","header-above-stick-meta":"","header-main-stick-meta":"","header-below-stick-meta":"","astra-migrate-meta-layouts":"default","ast-page-background-enabled":"default","ast-page-background-meta":{"desktop":{"background-color":"var(--ast-global-color-4)","background-image":"","background-repeat":"repeat","background-position":"center center","background-size":"auto","background-attachment":"scroll","background-type":"","background-media":"","overlay-type":"","overlay-color":"","overlay-opacity":"","overlay-gradient":""},"tablet":{"background-color":"","background-image":"","background-repeat":"repeat","background-position":"center center","background-size":"auto","background-attachment":"scroll","background-type":"","background-media":"","overlay-type":"","overlay-color":"","overlay-opacity":"","overlay-gradient":""},"mobile":{"background-color":"","background-image":"","background-repeat":"repeat","background-position":"center center","background-size":"auto","background-attachment":"scroll","background-type":"","background-media":"","overlay-type":"","overlay-color":"","overlay-opacity":"","overlay-gradient":""}},"ast-content-background-meta":{"desktop":{"background-color":"var(--ast-global-color-5)","background-image":"","background-repeat":"repeat","background-position":"center center","background-size":"auto","background-attachment":"scroll","background-type":"","background-media":"","overlay-type":"","overlay-color":"","overlay-opacity":"","overlay-gradient":""},"tablet":{"background-color":"var(--ast-global-color-5)","background-image":"","background-repeat":"repeat","background-position":"center center","background-size":"auto","background-attachment":"scroll","background-type":"","background-media":"","overlay-type":"","overlay-color":"","overlay-opacity":"","overlay-gradient":""},"mobile":{"background-color":"var(--ast-global-color-5)","background-image":"","background-repeat":"repeat","background-position":"center center","background-size":"auto","background-attachment":"scroll","background-type":"","background-media":"","overlay-type":"","overlay-color":"","overlay-opacity":"","overlay-gradient":""}},"footnotes":"","_wp_rev_ctl_limit":""},"categories":[1],"tags":[],"class_list":["post-1279","post","type-post","status-publish","format-standard","hentry","category-bez-kategorii"],"uagb_featured_image_src":{"full":false,"thumbnail":false,"medium":false,"medium_large":false,"large":false,"1536x1536":false,"2048x2048":false},"uagb_author_info":{"display_name":"Redaktor TME","author_link":"https:\/\/zsm1.bydgoszcz.pl\/strony\/tme\/author\/redaktor\/"},"uagb_comment_info":0,"uagb_excerpt":"We wspomnieniach starszych absolwent\u00f3w nasza szko\u0142a nieodmiennie \u0142\u0105czy si\u0119 z starym kana\u0142em bydgoskim. Po\u0142o\u017cenie SZKO\u0141Y zosta\u0142o upami\u0119tnione na wielu fotografiach, a wizerunek gmachu SZKO\u0141Y nad kana\u0142em pozostaje w pami\u0119ci naszych koleg\u00f3w.Maj\u0105c to na uwadze Stowarzyszenie Absolwent\u00f3w i Sympatyk\u00f3w TME i ZSM, w porozumieniu z grup\u0105 os\u00f3b z Komitetu Poparcia Przywr\u00f3cenia Starego Kana\u0142u Bydgoskiego zaprasza do&hellip;","_links":{"self":[{"href":"https:\/\/zsm1.bydgoszcz.pl\/strony\/tme\/wp-json\/wp\/v2\/posts\/1279","targetHints":{"allow":["GET"]}}],"collection":[{"href":"https:\/\/zsm1.bydgoszcz.pl\/strony\/tme\/wp-json\/wp\/v2\/posts"}],"about":[{"href":"https:\/\/zsm1.bydgoszcz.pl\/strony\/tme\/wp-json\/wp\/v2\/types\/post"}],"author":[{"embeddable":true,"href":"https:\/\/zsm1.bydgoszcz.pl\/strony\/tme\/wp-json\/wp\/v2\/users\/3"}],"replies":[{"embeddable":true,"href":"https:\/\/zsm1.bydgoszcz.pl\/strony\/tme\/wp-json\/wp\/v2\/comments?post=1279"}],"version-history":[{"count":2,"href":"https:\/\/zsm1.bydgoszcz.pl\/strony\/tme\/wp-json\/wp\/v2\/posts\/1279\/revisions"}],"predecessor-version":[{"id":1283,"href":"https:\/\/zsm1.bydgoszcz.pl\/strony\/tme\/wp-json\/wp\/v2\/posts\/1279\/revisions\/1283"}],"wp:attachment":[{"href":"https:\/\/zsm1.bydgoszcz.pl\/strony\/tme\/wp-json\/wp\/v2\/media?parent=1279"}],"wp:term":[{"taxonomy":"category","embeddable":true,"href":"https:\/\/zsm1.bydgoszcz.pl\/strony\/tme\/wp-json\/wp\/v2\/categories?post=1279"},{"taxonomy":"post_tag","embeddable":true,"href":"https:\/\/zsm1.bydgoszcz.pl\/strony\/tme\/wp-json\/wp\/v2\/tags?post=1279"}],"curies":[{"name":"wp","href":"https:\/\/api.w.org\/{rel}","templated":true}]}}