{"id":1269,"date":"2025-12-19T15:07:16","date_gmt":"2025-12-19T14:07:16","guid":{"rendered":"https:\/\/zsm1.bydgoszcz.pl\/strony\/tme\/?p=1269"},"modified":"2025-12-19T15:09:39","modified_gmt":"2025-12-19T14:09:39","slug":"dziekujemy-za-zyczenia","status":"publish","type":"post","link":"https:\/\/zsm1.bydgoszcz.pl\/strony\/tme\/dziekujemy-za-zyczenia\/","title":{"rendered":"Dzi\u0119kujemy za \u017byczenia !"},"content":{"rendered":"\n<p>W dniu 19.12.2025 uczestniczyli\u015bmy na zaproszenie Pani Dyrektor Ew\u0119 Ankiewicz-Jasi\u0144sk\u0105 w \u00a0spotkaniu op\u0142atkowym szko\u0142y. <br>W imieniu absolwent\u00f3w i sympatyk\u00f3w Szko\u0142y odebrali\u015bmy \u017byczenia od Pani Dyrektor.<br> <br><img loading=\"lazy\" decoding=\"async\" width=\"400\" height=\"303\" class=\"wp-image-1265\" style=\"width: 400px;\" src=\"https:\/\/zsm1.bydgoszcz.pl\/strony\/tme\/wp-content\/uploads\/2025\/12\/z1-rotated.jpg\" alt=\"\" srcset=\"https:\/\/zsm1.bydgoszcz.pl\/strony\/tme\/wp-content\/uploads\/2025\/12\/z1-rotated.jpg 1745w, https:\/\/zsm1.bydgoszcz.pl\/strony\/tme\/wp-content\/uploads\/2025\/12\/z1-300x227.jpg 300w, https:\/\/zsm1.bydgoszcz.pl\/strony\/tme\/wp-content\/uploads\/2025\/12\/z1-1024x775.jpg 1024w, https:\/\/zsm1.bydgoszcz.pl\/strony\/tme\/wp-content\/uploads\/2025\/12\/z1-768x581.jpg 768w, https:\/\/zsm1.bydgoszcz.pl\/strony\/tme\/wp-content\/uploads\/2025\/12\/z1-1536x1162.jpg 1536w\" sizes=\"auto, (max-width: 400px) 100vw, 400px\" \/> <img loading=\"lazy\" decoding=\"async\" width=\"450\" height=\"300\" class=\"wp-image-1266\" style=\"width: 450px;\" src=\"https:\/\/zsm1.bydgoszcz.pl\/strony\/tme\/wp-content\/uploads\/2025\/12\/z2-rotated.jpg\" alt=\"\" srcset=\"https:\/\/zsm1.bydgoszcz.pl\/strony\/tme\/wp-content\/uploads\/2025\/12\/z2-rotated.jpg 1428w, https:\/\/zsm1.bydgoszcz.pl\/strony\/tme\/wp-content\/uploads\/2025\/12\/z2-300x200.jpg 300w, https:\/\/zsm1.bydgoszcz.pl\/strony\/tme\/wp-content\/uploads\/2025\/12\/z2-1024x683.jpg 1024w, https:\/\/zsm1.bydgoszcz.pl\/strony\/tme\/wp-content\/uploads\/2025\/12\/z2-768x512.jpg 768w\" sizes=\"auto, (max-width: 450px) 100vw, 450px\" \/><br>Impreza by\u0142a bardzo starannie przygotowana. <br>O opraw\u0119 artystyczn\u0105 zadbali uczniowie. Ch\u00f3r \u015bpiewa\u0142 kol\u0119dy przeplatane recytacjami fragment\u00f3w wierszy. <br>Oczywi\u015bcie nie zabrak\u0142o koncertu orkiestry, kt\u00f3ra z sukcesem sprosta\u0142a trudnemu zadaniu zagrania melodii kol\u0119d.<\/p>\n\n\n\n<p>Zar\u00f3wno wyst\u0119pom ch\u00f3ru , jak i orkiestry towarzyszy\u0142o wsp\u00f3lne \u015bpiewanie.<\/p>\n\n\n\n<p>Dzi\u0119kujemy za zaproszenie.<br>Weso\u0142ych \u015awi\u0105t<\/p>\n\n\n\n<p>Janusz Nowastowski<br>Andrzej D\u0105browski<\/p>\n\n\n\n<div class=\"wp-block-uagb-container uagb-block-faa47581 alignfull uagb-is-root-container\"><div class=\"uagb-container-inner-blocks-wrap\">\n<div class=\"wp-block-uagb-container uagb-block-30031101\">\n<figure class=\"wp-block-image size-large\"><img loading=\"lazy\" decoding=\"async\" width=\"1024\" height=\"768\" src=\"https:\/\/zsm1.bydgoszcz.pl\/strony\/tme\/wp-content\/uploads\/2025\/12\/w1-1024x768.jpeg\" alt=\"\" class=\"wp-image-1262\" srcset=\"https:\/\/zsm1.bydgoszcz.pl\/strony\/tme\/wp-content\/uploads\/2025\/12\/w1-1024x768.jpeg 1024w, https:\/\/zsm1.bydgoszcz.pl\/strony\/tme\/wp-content\/uploads\/2025\/12\/w1-300x225.jpeg 300w, https:\/\/zsm1.bydgoszcz.pl\/strony\/tme\/wp-content\/uploads\/2025\/12\/w1-768x576.jpeg 768w, https:\/\/zsm1.bydgoszcz.pl\/strony\/tme\/wp-content\/uploads\/2025\/12\/w1.jpeg 1440w\" sizes=\"auto, (max-width: 1024px) 100vw, 1024px\" \/><\/figure>\n<\/div>\n\n\n\n<div class=\"wp-block-uagb-container uagb-block-3added31\">\n<figure class=\"wp-block-image size-large\"><img loading=\"lazy\" decoding=\"async\" width=\"1024\" height=\"768\" src=\"https:\/\/zsm1.bydgoszcz.pl\/strony\/tme\/wp-content\/uploads\/2025\/12\/w2-1024x768.jpeg\" alt=\"\" class=\"wp-image-1267\" srcset=\"https:\/\/zsm1.bydgoszcz.pl\/strony\/tme\/wp-content\/uploads\/2025\/12\/w2-1024x768.jpeg 1024w, https:\/\/zsm1.bydgoszcz.pl\/strony\/tme\/wp-content\/uploads\/2025\/12\/w2-300x225.jpeg 300w, https:\/\/zsm1.bydgoszcz.pl\/strony\/tme\/wp-content\/uploads\/2025\/12\/w2-768x576.jpeg 768w, https:\/\/zsm1.bydgoszcz.pl\/strony\/tme\/wp-content\/uploads\/2025\/12\/w2.jpeg 1049w\" sizes=\"auto, (max-width: 1024px) 100vw, 1024px\" \/><\/figure>\n<\/div>\n\n\n\n<div class=\"wp-block-uagb-container uagb-block-3b96e74d\">\n<figure class=\"wp-block-image size-large\"><img loading=\"lazy\" decoding=\"async\" width=\"1024\" height=\"768\" src=\"https:\/\/zsm1.bydgoszcz.pl\/strony\/tme\/wp-content\/uploads\/2025\/12\/w3-1024x768.jpeg\" alt=\"\" class=\"wp-image-1263\" srcset=\"https:\/\/zsm1.bydgoszcz.pl\/strony\/tme\/wp-content\/uploads\/2025\/12\/w3-1024x768.jpeg 1024w, https:\/\/zsm1.bydgoszcz.pl\/strony\/tme\/wp-content\/uploads\/2025\/12\/w3-300x225.jpeg 300w, https:\/\/zsm1.bydgoszcz.pl\/strony\/tme\/wp-content\/uploads\/2025\/12\/w3-768x576.jpeg 768w, https:\/\/zsm1.bydgoszcz.pl\/strony\/tme\/wp-content\/uploads\/2025\/12\/w3.jpeg 1440w\" sizes=\"auto, (max-width: 1024px) 100vw, 1024px\" \/><\/figure>\n<\/div>\n\n\n\n<div class=\"wp-block-uagb-container uagb-block-f732911b\">\n<figure class=\"wp-block-image size-large\"><img loading=\"lazy\" decoding=\"async\" width=\"1024\" height=\"768\" src=\"https:\/\/zsm1.bydgoszcz.pl\/strony\/tme\/wp-content\/uploads\/2025\/12\/w4-1024x768.jpeg\" alt=\"\" class=\"wp-image-1264\" srcset=\"https:\/\/zsm1.bydgoszcz.pl\/strony\/tme\/wp-content\/uploads\/2025\/12\/w4-1024x768.jpeg 1024w, https:\/\/zsm1.bydgoszcz.pl\/strony\/tme\/wp-content\/uploads\/2025\/12\/w4-300x225.jpeg 300w, https:\/\/zsm1.bydgoszcz.pl\/strony\/tme\/wp-content\/uploads\/2025\/12\/w4-768x576.jpeg 768w, https:\/\/zsm1.bydgoszcz.pl\/strony\/tme\/wp-content\/uploads\/2025\/12\/w4.jpeg 1049w\" sizes=\"auto, (max-width: 1024px) 100vw, 1024px\" \/><\/figure>\n<\/div>\n<\/div><\/div>\n","protected":false},"excerpt":{"rendered":"<p>W dniu 19.12.2025 uczestniczyli\u015bmy na zaproszenie Pani Dyrektor Ew\u0119 Ankiewicz-Jasi\u0144sk\u0105 w \u00a0spotkaniu op\u0142atkowym szko\u0142y. W imieniu absolwent\u00f3w i sympatyk\u00f3w Szko\u0142y odebrali\u015bmy \u017byczenia od Pani Dyrektor. Impreza by\u0142a bardzo starannie przygotowana. O opraw\u0119 artystyczn\u0105 zadbali uczniowie. Ch\u00f3r \u015bpiewa\u0142 kol\u0119dy przeplatane recytacjami fragment\u00f3w wierszy. Oczywi\u015bcie nie zabrak\u0142o koncertu orkiestry, kt\u00f3ra z sukcesem sprosta\u0142a trudnemu zadaniu zagrania melodii [&hellip;]<\/p>\n","protected":false},"author":3,"featured_media":0,"comment_status":"closed","ping_status":"","sticky":false,"template":"","format":"standard","meta":{"_uag_custom_page_level_css":"","site-sidebar-layout":"default","site-content-layout":"","ast-site-content-layout":"default","site-content-style":"default","site-sidebar-style":"default","ast-global-header-display":"","ast-banner-title-visibility":"","ast-main-header-display":"","ast-hfb-above-header-display":"","ast-hfb-below-header-display":"","ast-hfb-mobile-header-display":"","site-post-title":"","ast-breadcrumbs-content":"","ast-featured-img":"","footer-sml-layout":"","theme-transparent-header-meta":"","adv-header-id-meta":"","stick-header-meta":"","header-above-stick-meta":"","header-main-stick-meta":"","header-below-stick-meta":"","astra-migrate-meta-layouts":"default","ast-page-background-enabled":"default","ast-page-background-meta":{"desktop":{"background-color":"var(--ast-global-color-4)","background-image":"","background-repeat":"repeat","background-position":"center center","background-size":"auto","background-attachment":"scroll","background-type":"","background-media":"","overlay-type":"","overlay-color":"","overlay-opacity":"","overlay-gradient":""},"tablet":{"background-color":"","background-image":"","background-repeat":"repeat","background-position":"center center","background-size":"auto","background-attachment":"scroll","background-type":"","background-media":"","overlay-type":"","overlay-color":"","overlay-opacity":"","overlay-gradient":""},"mobile":{"background-color":"","background-image":"","background-repeat":"repeat","background-position":"center center","background-size":"auto","background-attachment":"scroll","background-type":"","background-media":"","overlay-type":"","overlay-color":"","overlay-opacity":"","overlay-gradient":""}},"ast-content-background-meta":{"desktop":{"background-color":"var(--ast-global-color-5)","background-image":"","background-repeat":"repeat","background-position":"center center","background-size":"auto","background-attachment":"scroll","background-type":"","background-media":"","overlay-type":"","overlay-color":"","overlay-opacity":"","overlay-gradient":""},"tablet":{"background-color":"var(--ast-global-color-5)","background-image":"","background-repeat":"repeat","background-position":"center center","background-size":"auto","background-attachment":"scroll","background-type":"","background-media":"","overlay-type":"","overlay-color":"","overlay-opacity":"","overlay-gradient":""},"mobile":{"background-color":"var(--ast-global-color-5)","background-image":"","background-repeat":"repeat","background-position":"center center","background-size":"auto","background-attachment":"scroll","background-type":"","background-media":"","overlay-type":"","overlay-color":"","overlay-opacity":"","overlay-gradient":""}},"footnotes":"","_wp_rev_ctl_limit":""},"categories":[1],"tags":[],"class_list":["post-1269","post","type-post","status-publish","format-standard","hentry","category-bez-kategorii"],"uagb_featured_image_src":{"full":false,"thumbnail":false,"medium":false,"medium_large":false,"large":false,"1536x1536":false,"2048x2048":false},"uagb_author_info":{"display_name":"Redaktor TME","author_link":"https:\/\/zsm1.bydgoszcz.pl\/strony\/tme\/author\/redaktor\/"},"uagb_comment_info":0,"uagb_excerpt":"W dniu 19.12.2025 uczestniczyli\u015bmy na zaproszenie Pani Dyrektor Ew\u0119 Ankiewicz-Jasi\u0144sk\u0105 w \u00a0spotkaniu op\u0142atkowym szko\u0142y. W imieniu absolwent\u00f3w i sympatyk\u00f3w Szko\u0142y odebrali\u015bmy \u017byczenia od Pani Dyrektor. Impreza by\u0142a bardzo starannie przygotowana. O opraw\u0119 artystyczn\u0105 zadbali uczniowie. Ch\u00f3r \u015bpiewa\u0142 kol\u0119dy przeplatane recytacjami fragment\u00f3w wierszy. Oczywi\u015bcie nie zabrak\u0142o koncertu orkiestry, kt\u00f3ra z sukcesem sprosta\u0142a trudnemu zadaniu zagrania melodii&hellip;","_links":{"self":[{"href":"https:\/\/zsm1.bydgoszcz.pl\/strony\/tme\/wp-json\/wp\/v2\/posts\/1269","targetHints":{"allow":["GET"]}}],"collection":[{"href":"https:\/\/zsm1.bydgoszcz.pl\/strony\/tme\/wp-json\/wp\/v2\/posts"}],"about":[{"href":"https:\/\/zsm1.bydgoszcz.pl\/strony\/tme\/wp-json\/wp\/v2\/types\/post"}],"author":[{"embeddable":true,"href":"https:\/\/zsm1.bydgoszcz.pl\/strony\/tme\/wp-json\/wp\/v2\/users\/3"}],"replies":[{"embeddable":true,"href":"https:\/\/zsm1.bydgoszcz.pl\/strony\/tme\/wp-json\/wp\/v2\/comments?post=1269"}],"version-history":[{"count":2,"href":"https:\/\/zsm1.bydgoszcz.pl\/strony\/tme\/wp-json\/wp\/v2\/posts\/1269\/revisions"}],"predecessor-version":[{"id":1272,"href":"https:\/\/zsm1.bydgoszcz.pl\/strony\/tme\/wp-json\/wp\/v2\/posts\/1269\/revisions\/1272"}],"wp:attachment":[{"href":"https:\/\/zsm1.bydgoszcz.pl\/strony\/tme\/wp-json\/wp\/v2\/media?parent=1269"}],"wp:term":[{"taxonomy":"category","embeddable":true,"href":"https:\/\/zsm1.bydgoszcz.pl\/strony\/tme\/wp-json\/wp\/v2\/categories?post=1269"},{"taxonomy":"post_tag","embeddable":true,"href":"https:\/\/zsm1.bydgoszcz.pl\/strony\/tme\/wp-json\/wp\/v2\/tags?post=1269"}],"curies":[{"name":"wp","href":"https:\/\/api.w.org\/{rel}","templated":true}]}}